{"id":11726,"date":"2026-09-04T17:54:26","date_gmt":"2026-09-04T16:54:26","guid":{"rendered":"https:\/\/fone.it\/?p=11726"},"modified":"2026-09-04T17:55:17","modified_gmt":"2026-09-04T16:55:17","slug":"audio-living-design-al-gran-gala-dellalta-fedelta-di-milano-2026","status":"publish","type":"post","link":"https:\/\/fone.it\/en\/audio-living-design-al-gran-gala-dellalta-fedelta-di-milano-2026\/","title":{"rendered":"AUDIO LIVING DESIGN AL Gran Gal\u00e0 dell\u2019Alta Fedelt\u00e0 di Milano 2026"},"content":{"rendered":"<p><strong>&#x1f3b5; AUDIO LIVING DESIGN al Gran Gal\u00e0 dell&#8217;Alta Fedelt\u00e0 di Milano 2026 &#x2728;<\/strong><\/p>\n<p>&#x1f4cd; <strong>QUARK HOTEL \u2013 Milano<\/strong><br \/>\n&#x1f4c5; <strong>3-4 Ottobre 2026<\/strong><br \/>\n&#x1f17f;&#xfe0f; <strong>Ampio parcheggio gratuito<\/strong> prima dell\u2019ingresso all\u2019albergo<\/p>\n<p><strong>Audio Living Design sar\u00e0 presente al Gran Gal\u00e0 di Milano 2026 con i seguenti marchi:<\/strong><\/p>\n<figure class=\"wp-block-image size-large\"><img decoding=\"async\" class=\"wp-image-11699\" src=\"https:\/\/fone.it\/wp-content\/uploads\/2026\/09\/Progetto-senza-titolo-1.png\" alt=\"\" \/><\/figure>\n<p>Due giorni dedicati all\u2019<strong>ascolto autentico<\/strong>, alla <strong>cultura musicale<\/strong> e all\u2019<strong>eccellenza hi-fi<\/strong>, in una location che rappresenta un vero punto di riferimento per gli appassionati.<\/p>\n<p>&#x1f4f2; Per sapere quando apriranno le registrazioni, ricevere tutte le informazioni sui biglietti e scoprire in anteprima ospiti, aziende, marchi presenti e programma, <strong>seguite i nostri social!<\/strong><\/p>\n<p>&#x1f449; <strong>Instagram \u2013 Fon\u00e8 Records:<\/strong><br \/>\n<a href=\"https:\/\/www.instagram.com\/fonerecordsofficial\" target=\"_blank\" rel=\"noopener\">https:\/\/www.instagram.com\/fonerecordsofficial<\/a><\/p>\n<p>&#x1f449; <strong>Facebook \u2013 Gran Gal\u00e0 dell&#8217;Alta Fedelt\u00e0:<\/strong><br \/>\n<a href=\"https:\/\/www.facebook.com\/share\/1Hj8biYp4h\/\" target=\"_blank\" rel=\"noopener\">https:\/\/www.facebook.com\/share\/1Hj8biYp4h\/<\/a><\/p>\n<p>&#x1f449; <strong>Facebook \u2013 Fon\u00e8 Records:<\/strong><br \/>\n<a href=\"https:\/\/www.facebook.com\/share\/1CrZqrDuFK\/\" target=\"_blank\" rel=\"noopener\">https:\/\/www.facebook.com\/share\/1CrZqrDuFK\/<\/a><\/p>\n<p>Per tutte le informazioni visitate:<br \/>\n<a href=\"https:\/\/www.grangaladellaltafedelta.com\" target=\"_blank\" rel=\"noopener\"><strong>www.grangaladellaltafedelta.com<\/strong><\/a><\/p>\n","protected":false},"excerpt":{"rendered":"<p>&#x1f3b5; AUDIO LIVING DESIGN al Gran Gal\u00e0 dell&#8217;Alta Fedelt\u00e0 di Milano 2026 &#x2728; &#x1f4cd; QUARK HOTEL \u2013 Milano &#x1f4c5; 3-4 Ottobre 2026 &#x1f17f;&#xfe0f; Ampio parcheggio gratuito prima dell\u2019ingresso all\u2019albergo Audio&hellip;<\/p>\n","protected":false},"author":1,"featured_media":11734,"comment_status":"closed","ping_status":"closed","sticky":false,"template":"","format":"standard","meta":{"footnotes":""},"categories":[36,89,1],"tags":[],"class_list":["post-11726","post","type-post","status-publish","format-standard","has-post-thumbnail","hentry","category-gran-gala-en","category-in-evidenza-en","category-uncategorized"],"yoast_head":"<!-- This site is optimized with the Yoast SEO plugin v28.3 - https:\/\/yoast.com\/product\/yoast-seo-wordpress\/ -->\n<title>AUDIO LIVING DESIGN AL Gran Gal\u00e0 dell\u2019Alta Fedelt\u00e0 di Milano 2026 | fon\u00e8 records<\/title>\n<meta name=\"robots\" content=\"index, follow, max-snippet:-1, max-image-preview:large, max-video-preview:-1\" \/>\n<link rel=\"canonical\" href=\"https:\/\/fone.it\/en\/audio-living-design-al-gran-gala-dellalta-fedelta-di-milano-2026\/\" \/>\n<meta property=\"og:locale\" content=\"en_US\" \/>\n<meta property=\"og:type\" content=\"article\" \/>\n<meta property=\"og:title\" content=\"AUDIO LIVING DESIGN AL Gran Gal\u00e0 dell\u2019Alta Fedelt\u00e0 di Milano 2026 | fon\u00e8 records\" \/>\n<meta property=\"og:description\" content=\"&#x1f3b5; AUDIO LIVING DESIGN al Gran Gal\u00e0 dell&#8217;Alta Fedelt\u00e0 di Milano 2026 &#x2728; &#x1f4cd; QUARK HOTEL \u2013 Milano &#x1f4c5; 3-4 Ottobre 2026 &#x1f17f;&#xfe0f; Ampio parcheggio gratuito prima dell\u2019ingresso all\u2019albergo Audio&hellip;\" \/>\n<meta property=\"og:url\" content=\"https:\/\/fone.it\/en\/audio-living-design-al-gran-gala-dellalta-fedelta-di-milano-2026\/\" \/>\n<meta property=\"og:site_name\" content=\"fon\u00e8 records\" \/>\n<meta property=\"article:publisher\" content=\"https:\/\/www.facebook.com\/fonerecordsofficial\" \/>\n<meta property=\"article:published_time\" content=\"2026-09-04T16:54:26+00:00\" \/>\n<meta property=\"article:modified_time\" content=\"2026-09-04T16:55:17+00:00\" \/>\n<meta property=\"og:image\" content=\"https:\/\/fone.it\/wp-content\/uploads\/2026\/09\/Copia-di-Progetto-senza-titolo-1-e1788540860541.png\" \/>\n\t<meta property=\"og:image:width\" content=\"1080\" \/>\n\t<meta property=\"og:image:height\" content=\"1350\" \/>\n\t<meta property=\"og:image:type\" content=\"image\/png\" \/>\n<meta name=\"author\" content=\"giuliocesare.ricci\" \/>\n<meta name=\"twitter:card\" content=\"summary_large_image\" \/>\n<meta name=\"twitter:label1\" content=\"Written by\" \/>\n\t<meta name=\"twitter:data1\" content=\"giuliocesare.ricci\" \/>\n\t<meta name=\"twitter:label2\" content=\"Est. reading time\" \/>\n\t<meta name=\"twitter:data2\" content=\"1 minute\" \/>\n<script type=\"application\/ld+json\" class=\"yoast-schema-graph\">{\"@context\":\"https:\\\/\\\/schema.org\",\"@graph\":[{\"@type\":\"Article\",\"@id\":\"https:\\\/\\\/fone.it\\\/en\\\/audio-living-design-al-gran-gala-dellalta-fedelta-di-milano-2026\\\/#article\",\"isPartOf\":{\"@id\":\"https:\\\/\\\/fone.it\\\/en\\\/audio-living-design-al-gran-gala-dellalta-fedelta-di-milano-2026\\\/\"},\"author\":{\"name\":\"giuliocesare.ricci\",\"@id\":\"https:\\\/\\\/fone.it\\\/en\\\/#\\\/schema\\\/person\\\/f4c96b19ff62e0ad1eb83bf434c99b20\"},\"headline\":\"AUDIO LIVING DESIGN AL Gran Gal\u00e0 dell\u2019Alta Fedelt\u00e0 di Milano 2026\",\"datePublished\":\"2026-09-04T16:54:26+00:00\",\"dateModified\":\"2026-09-04T16:55:17+00:00\",\"mainEntityOfPage\":{\"@id\":\"https:\\\/\\\/fone.it\\\/en\\\/audio-living-design-al-gran-gala-dellalta-fedelta-di-milano-2026\\\/\"},\"wordCount\":164,\"publisher\":{\"@id\":\"https:\\\/\\\/fone.it\\\/en\\\/#organization\"},\"image\":{\"@id\":\"https:\\\/\\\/fone.it\\\/en\\\/audio-living-design-al-gran-gala-dellalta-fedelta-di-milano-2026\\\/#primaryimage\"},\"thumbnailUrl\":\"https:\\\/\\\/fone.it\\\/wp-content\\\/uploads\\\/2026\\\/09\\\/Copia-di-Progetto-senza-titolo-1-e1788540860541.png\",\"articleSection\":[\"Gran Gal\u00e0\",\"in evidenza\"],\"inLanguage\":\"en-US\"},{\"@type\":\"WebPage\",\"@id\":\"https:\\\/\\\/fone.it\\\/en\\\/audio-living-design-al-gran-gala-dellalta-fedelta-di-milano-2026\\\/\",\"url\":\"https:\\\/\\\/fone.it\\\/en\\\/audio-living-design-al-gran-gala-dellalta-fedelta-di-milano-2026\\\/\",\"name\":\"AUDIO LIVING DESIGN AL Gran Gal\u00e0 dell\u2019Alta Fedelt\u00e0 di Milano 2026 | fon\u00e8 records\",\"isPartOf\":{\"@id\":\"https:\\\/\\\/fone.it\\\/en\\\/#website\"},\"primaryImageOfPage\":{\"@id\":\"https:\\\/\\\/fone.it\\\/en\\\/audio-living-design-al-gran-gala-dellalta-fedelta-di-milano-2026\\\/#primaryimage\"},\"image\":{\"@id\":\"https:\\\/\\\/fone.it\\\/en\\\/audio-living-design-al-gran-gala-dellalta-fedelta-di-milano-2026\\\/#primaryimage\"},\"thumbnailUrl\":\"https:\\\/\\\/fone.it\\\/wp-content\\\/uploads\\\/2026\\\/09\\\/Copia-di-Progetto-senza-titolo-1-e1788540860541.png\",\"datePublished\":\"2026-09-04T16:54:26+00:00\",\"dateModified\":\"2026-09-04T16:55:17+00:00\",\"breadcrumb\":{\"@id\":\"https:\\\/\\\/fone.it\\\/en\\\/audio-living-design-al-gran-gala-dellalta-fedelta-di-milano-2026\\\/#breadcrumb\"},\"inLanguage\":\"en-US\",\"potentialAction\":[{\"@type\":\"ReadAction\",\"target\":[\"https:\\\/\\\/fone.it\\\/en\\\/audio-living-design-al-gran-gala-dellalta-fedelta-di-milano-2026\\\/\"]}]},{\"@type\":\"ImageObject\",\"inLanguage\":\"en-US\",\"@id\":\"https:\\\/\\\/fone.it\\\/en\\\/audio-living-design-al-gran-gala-dellalta-fedelta-di-milano-2026\\\/#primaryimage\",\"url\":\"https:\\\/\\\/fone.it\\\/wp-content\\\/uploads\\\/2026\\\/09\\\/Copia-di-Progetto-senza-titolo-1-e1788540860541.png\",\"contentUrl\":\"https:\\\/\\\/fone.it\\\/wp-content\\\/uploads\\\/2026\\\/09\\\/Copia-di-Progetto-senza-titolo-1-e1788540860541.png\",\"width\":1080,\"height\":1350},{\"@type\":\"BreadcrumbList\",\"@id\":\"https:\\\/\\\/fone.it\\\/en\\\/audio-living-design-al-gran-gala-dellalta-fedelta-di-milano-2026\\\/#breadcrumb\",\"itemListElement\":[{\"@type\":\"ListItem\",\"position\":1,\"name\":\"Home\",\"item\":\"https:\\\/\\\/fone.it\\\/en\\\/\"},{\"@type\":\"ListItem\",\"position\":2,\"name\":\"AUDIO LIVING DESIGN AL Gran Gal\u00e0 dell\u2019Alta Fedelt\u00e0 di Milano 2026\"}]},{\"@type\":\"WebSite\",\"@id\":\"https:\\\/\\\/fone.it\\\/en\\\/#website\",\"url\":\"https:\\\/\\\/fone.it\\\/en\\\/\",\"name\":\"fone.it\",\"description\":\"Natural Sound Recordings, da 40 anni in Alta fedelt\u00e0\",\"publisher\":{\"@id\":\"https:\\\/\\\/fone.it\\\/en\\\/#organization\"},\"potentialAction\":[{\"@type\":\"SearchAction\",\"target\":{\"@type\":\"EntryPoint\",\"urlTemplate\":\"https:\\\/\\\/fone.it\\\/en\\\/?s={search_term_string}\"},\"query-input\":{\"@type\":\"PropertyValueSpecification\",\"valueRequired\":true,\"valueName\":\"search_term_string\"}}],\"inLanguage\":\"en-US\"},{\"@type\":\"Organization\",\"@id\":\"https:\\\/\\\/fone.it\\\/en\\\/#organization\",\"name\":\"fone.it\",\"url\":\"https:\\\/\\\/fone.it\\\/en\\\/\",\"logo\":{\"@type\":\"ImageObject\",\"inLanguage\":\"en-US\",\"@id\":\"https:\\\/\\\/fone.it\\\/en\\\/#\\\/schema\\\/logo\\\/image\\\/\",\"url\":\"https:\\\/\\\/fone.it\\\/wp-content\\\/uploads\\\/2016\\\/01\\\/logo-fone.jpg\",\"contentUrl\":\"https:\\\/\\\/fone.it\\\/wp-content\\\/uploads\\\/2016\\\/01\\\/logo-fone.jpg\",\"width\":163,\"height\":65,\"caption\":\"fone.it\"},\"image\":{\"@id\":\"https:\\\/\\\/fone.it\\\/en\\\/#\\\/schema\\\/logo\\\/image\\\/\"},\"sameAs\":[\"https:\\\/\\\/www.facebook.com\\\/fonerecordsofficial\",\"https:\\\/\\\/www.instagram.com\\\/fonerecordsofficial\\\/\"]},{\"@type\":\"Person\",\"@id\":\"https:\\\/\\\/fone.it\\\/en\\\/#\\\/schema\\\/person\\\/f4c96b19ff62e0ad1eb83bf434c99b20\",\"name\":\"giuliocesare.ricci\",\"image\":{\"@type\":\"ImageObject\",\"inLanguage\":\"en-US\",\"@id\":\"https:\\\/\\\/fone.it\\\/wp-content\\\/litespeed\\\/avatar\\\/ad38570a0811ac82ca62e8b32edbab7b.jpg?ver=1788356979\",\"url\":\"https:\\\/\\\/fone.it\\\/wp-content\\\/litespeed\\\/avatar\\\/ad38570a0811ac82ca62e8b32edbab7b.jpg?ver=1788356979\",\"contentUrl\":\"https:\\\/\\\/fone.it\\\/wp-content\\\/litespeed\\\/avatar\\\/ad38570a0811ac82ca62e8b32edbab7b.jpg?ver=1788356979\",\"caption\":\"giuliocesare.ricci\"},\"url\":\"https:\\\/\\\/fone.it\\\/en\\\/author\\\/giuliocesare-ricci\\\/\"}]}<\/script>\n<!-- \/ Yoast SEO plugin. -->","yoast_head_json":{"title":"AUDIO LIVING DESIGN AL Gran Gal\u00e0 dell\u2019Alta Fedelt\u00e0 di Milano 2026 | fon\u00e8 records","robots":{"index":"index","follow":"follow","max-snippet":"max-snippet:-1","max-image-preview":"max-image-preview:large","max-video-preview":"max-video-preview:-1"},"canonical":"https:\/\/fone.it\/en\/audio-living-design-al-gran-gala-dellalta-fedelta-di-milano-2026\/","og_locale":"en_US","og_type":"article","og_title":"AUDIO LIVING DESIGN AL Gran Gal\u00e0 dell\u2019Alta Fedelt\u00e0 di Milano 2026 | fon\u00e8 records","og_description":"&#x1f3b5; AUDIO LIVING DESIGN al Gran Gal\u00e0 dell&#8217;Alta Fedelt\u00e0 di Milano 2026 &#x2728; &#x1f4cd; QUARK HOTEL \u2013 Milano &#x1f4c5; 3-4 Ottobre 2026 &#x1f17f;&#xfe0f; Ampio parcheggio gratuito prima dell\u2019ingresso all\u2019albergo Audio&hellip;","og_url":"https:\/\/fone.it\/en\/audio-living-design-al-gran-gala-dellalta-fedelta-di-milano-2026\/","og_site_name":"fon\u00e8 records","article_publisher":"https:\/\/www.facebook.com\/fonerecordsofficial","article_published_time":"2026-09-04T16:54:26+00:00","article_modified_time":"2026-09-04T16:55:17+00:00","og_image":[{"width":1080,"height":1350,"url":"https:\/\/fone.it\/wp-content\/uploads\/2026\/09\/Copia-di-Progetto-senza-titolo-1-e1788540860541.png","type":"image\/png"}],"author":"giuliocesare.ricci","twitter_card":"summary_large_image","twitter_misc":{"Written by":"giuliocesare.ricci","Est. reading time":"1 minute"},"schema":{"@context":"https:\/\/schema.org","@graph":[{"@type":"Article","@id":"https:\/\/fone.it\/en\/audio-living-design-al-gran-gala-dellalta-fedelta-di-milano-2026\/#article","isPartOf":{"@id":"https:\/\/fone.it\/en\/audio-living-design-al-gran-gala-dellalta-fedelta-di-milano-2026\/"},"author":{"name":"giuliocesare.ricci","@id":"https:\/\/fone.it\/en\/#\/schema\/person\/f4c96b19ff62e0ad1eb83bf434c99b20"},"headline":"AUDIO LIVING DESIGN AL Gran Gal\u00e0 dell\u2019Alta Fedelt\u00e0 di Milano 2026","datePublished":"2026-09-04T16:54:26+00:00","dateModified":"2026-09-04T16:55:17+00:00","mainEntityOfPage":{"@id":"https:\/\/fone.it\/en\/audio-living-design-al-gran-gala-dellalta-fedelta-di-milano-2026\/"},"wordCount":164,"publisher":{"@id":"https:\/\/fone.it\/en\/#organization"},"image":{"@id":"https:\/\/fone.it\/en\/audio-living-design-al-gran-gala-dellalta-fedelta-di-milano-2026\/#primaryimage"},"thumbnailUrl":"https:\/\/fone.it\/wp-content\/uploads\/2026\/09\/Copia-di-Progetto-senza-titolo-1-e1788540860541.png","articleSection":["Gran Gal\u00e0","in evidenza"],"inLanguage":"en-US"},{"@type":"WebPage","@id":"https:\/\/fone.it\/en\/audio-living-design-al-gran-gala-dellalta-fedelta-di-milano-2026\/","url":"https:\/\/fone.it\/en\/audio-living-design-al-gran-gala-dellalta-fedelta-di-milano-2026\/","name":"AUDIO LIVING DESIGN AL Gran Gal\u00e0 dell\u2019Alta Fedelt\u00e0 di Milano 2026 | fon\u00e8 records","isPartOf":{"@id":"https:\/\/fone.it\/en\/#website"},"primaryImageOfPage":{"@id":"https:\/\/fone.it\/en\/audio-living-design-al-gran-gala-dellalta-fedelta-di-milano-2026\/#primaryimage"},"image":{"@id":"https:\/\/fone.it\/en\/audio-living-design-al-gran-gala-dellalta-fedelta-di-milano-2026\/#primaryimage"},"thumbnailUrl":"https:\/\/fone.it\/wp-content\/uploads\/2026\/09\/Copia-di-Progetto-senza-titolo-1-e1788540860541.png","datePublished":"2026-09-04T16:54:26+00:00","dateModified":"2026-09-04T16:55:17+00:00","breadcrumb":{"@id":"https:\/\/fone.it\/en\/audio-living-design-al-gran-gala-dellalta-fedelta-di-milano-2026\/#breadcrumb"},"inLanguage":"en-US","potentialAction":[{"@type":"ReadAction","target":["https:\/\/fone.it\/en\/audio-living-design-al-gran-gala-dellalta-fedelta-di-milano-2026\/"]}]},{"@type":"ImageObject","inLanguage":"en-US","@id":"https:\/\/fone.it\/en\/audio-living-design-al-gran-gala-dellalta-fedelta-di-milano-2026\/#primaryimage","url":"https:\/\/fone.it\/wp-content\/uploads\/2026\/09\/Copia-di-Progetto-senza-titolo-1-e1788540860541.png","contentUrl":"https:\/\/fone.it\/wp-content\/uploads\/2026\/09\/Copia-di-Progetto-senza-titolo-1-e1788540860541.png","width":1080,"height":1350},{"@type":"BreadcrumbList","@id":"https:\/\/fone.it\/en\/audio-living-design-al-gran-gala-dellalta-fedelta-di-milano-2026\/#breadcrumb","itemListElement":[{"@type":"ListItem","position":1,"name":"Home","item":"https:\/\/fone.it\/en\/"},{"@type":"ListItem","position":2,"name":"AUDIO LIVING DESIGN AL Gran Gal\u00e0 dell\u2019Alta Fedelt\u00e0 di Milano 2026"}]},{"@type":"WebSite","@id":"https:\/\/fone.it\/en\/#website","url":"https:\/\/fone.it\/en\/","name":"fone.it","description":"Natural Sound Recordings, da 40 anni in Alta fedelt\u00e0","publisher":{"@id":"https:\/\/fone.it\/en\/#organization"},"potentialAction":[{"@type":"SearchAction","target":{"@type":"EntryPoint","urlTemplate":"https:\/\/fone.it\/en\/?s={search_term_string}"},"query-input":{"@type":"PropertyValueSpecification","valueRequired":true,"valueName":"search_term_string"}}],"inLanguage":"en-US"},{"@type":"Organization","@id":"https:\/\/fone.it\/en\/#organization","name":"fone.it","url":"https:\/\/fone.it\/en\/","logo":{"@type":"ImageObject","inLanguage":"en-US","@id":"https:\/\/fone.it\/en\/#\/schema\/logo\/image\/","url":"https:\/\/fone.it\/wp-content\/uploads\/2016\/01\/logo-fone.jpg","contentUrl":"https:\/\/fone.it\/wp-content\/uploads\/2016\/01\/logo-fone.jpg","width":163,"height":65,"caption":"fone.it"},"image":{"@id":"https:\/\/fone.it\/en\/#\/schema\/logo\/image\/"},"sameAs":["https:\/\/www.facebook.com\/fonerecordsofficial","https:\/\/www.instagram.com\/fonerecordsofficial\/"]},{"@type":"Person","@id":"https:\/\/fone.it\/en\/#\/schema\/person\/f4c96b19ff62e0ad1eb83bf434c99b20","name":"giuliocesare.ricci","image":{"@type":"ImageObject","inLanguage":"en-US","@id":"https:\/\/fone.it\/wp-content\/litespeed\/avatar\/ad38570a0811ac82ca62e8b32edbab7b.jpg?ver=1788356979","url":"https:\/\/fone.it\/wp-content\/litespeed\/avatar\/ad38570a0811ac82ca62e8b32edbab7b.jpg?ver=1788356979","contentUrl":"https:\/\/fone.it\/wp-content\/litespeed\/avatar\/ad38570a0811ac82ca62e8b32edbab7b.jpg?ver=1788356979","caption":"giuliocesare.ricci"},"url":"https:\/\/fone.it\/en\/author\/giuliocesare-ricci\/"}]}},"_links":{"self":[{"href":"https:\/\/fone.it\/en\/wp-json\/wp\/v2\/posts\/11726","targetHints":{"allow":["GET"]}}],"collection":[{"href":"https:\/\/fone.it\/en\/wp-json\/wp\/v2\/posts"}],"about":[{"href":"https:\/\/fone.it\/en\/wp-json\/wp\/v2\/types\/post"}],"author":[{"embeddable":true,"href":"https:\/\/fone.it\/en\/wp-json\/wp\/v2\/users\/1"}],"replies":[{"embeddable":true,"href":"https:\/\/fone.it\/en\/wp-json\/wp\/v2\/comments?post=11726"}],"version-history":[{"count":3,"href":"https:\/\/fone.it\/en\/wp-json\/wp\/v2\/posts\/11726\/revisions"}],"predecessor-version":[{"id":11736,"href":"https:\/\/fone.it\/en\/wp-json\/wp\/v2\/posts\/11726\/revisions\/11736"}],"wp:featuredmedia":[{"embeddable":true,"href":"https:\/\/fone.it\/en\/wp-json\/wp\/v2\/media\/11734"}],"wp:attachment":[{"href":"https:\/\/fone.it\/en\/wp-json\/wp\/v2\/media?parent=11726"}],"wp:term":[{"taxonomy":"category","embeddable":true,"href":"https:\/\/fone.it\/en\/wp-json\/wp\/v2\/categories?post=11726"},{"taxonomy":"post_tag","embeddable":true,"href":"https:\/\/fone.it\/en\/wp-json\/wp\/v2\/tags?post=11726"}],"curies":[{"name":"wp","href":"https:\/\/api.w.org\/{rel}","templated":true}]}}