{"id":11721,"date":"2026-09-03T18:10:35","date_gmt":"2026-09-03T17:10:35","guid":{"rendered":"https:\/\/fone.it\/aemilia-audio-al-gran-gala-dellalta-fedelta-di-milano-2026\/"},"modified":"2026-09-03T18:10:51","modified_gmt":"2026-09-03T17:10:51","slug":"aemilia-audio-al-gran-gala-dellalta-fedelta-di-milano-2026","status":"publish","type":"post","link":"https:\/\/fone.it\/en\/aemilia-audio-al-gran-gala-dellalta-fedelta-di-milano-2026\/","title":{"rendered":"AEMILIA AUDIO al Gran Gal\u00e0 dell&#8217;Alta Fedelt\u00e0 di Milano 2026"},"content":{"rendered":"<p><strong>&#x1f3b5; AEMILIA AUDIO al Gran Gal\u00e0 dell&#8217;Alta Fedelt\u00e0 di Milano 2026 &#x2728;<\/strong><\/p>\n<p>&#x1f4cd; <strong>QUARK HOTEL \u2013 Milano<\/strong><br \/>&#x1f4c5; <strong>3-4 Ottobre 2026<\/strong><br \/>&#x1f17f;&#xfe0f; <strong>Ampio parcheggio gratuito<\/strong> prima dell\u2019ingresso all\u2019albergo<\/p>\n<p><strong>Brand<\/strong><\/p>\n<figure class=\"wp-block-image size-large\"><img decoding=\"async\" src=\"https:\/\/fone.it\/wp-content\/uploads\/2026\/09\/aemilia-gran-gala-milano-2026-2.png\" alt=\"\" class=\"wp-image-11699\"\/><\/figure>\n<p>Il gruppo <strong>Aemilia Audio<\/strong> sar\u00e0 presente con <strong>tre Brand<\/strong> al <strong>Gran Gal\u00e0 dell\u2019Alta Fedelt\u00e0 di Milano 2026<\/strong><\/p>\n<p><strong>Audiogears<\/strong><\/p>\n<p>Webshop che si occupa di produzione di alcuni prodotti di alto livello e commercializzazione dei migliori marchi di componentistica elettronica per autocostruzione<br \/>La produzione si articola su alcuni articoli esclusivi, siamo infatti gli unici costruttori al mondo delle basi per i bracci di lettura compatibili con le produzioni storiche di<br \/>Micro Seiki e Luxman<br \/>Con il marchio Tum Connect realizziamo una serie di connettori per amplificazione e diffusori acustici che in poco tempo hanno conquistato il favore di alcuni brand di altissima gamma quali ad esempio MAGICO e ACAPELLA che li impiegano sui loro modelli di punta. E\u2019 inoltre iniziata la produzione di una serie di cavi che si pongono l\u2019obiettivo di offrire prodotti allo stato dell\u2019arte ad un prezzo non \u201cfantasioso\u201d come spesso accade, ma rapportato al reale valore (assoluto) dei cavi proposti<br \/>Altri accessori, non di secondo piano, come una serie di supporti davvero particolari completano la gamma a marchio Tum Connect<\/p>\n<p><strong>Audioantiquary<\/strong><\/p>\n<p>Si occupa dal 2014 del reperimento, il restauro e la messa a punto delle migliori apparecchiature audio domestico dell\u2019era d\u2019oro della produzione mondiale di questo settore, sostanzialmente il periodo che va dagli anni 60 agli anni 90<br \/>Il rapporto consolidato con due fornitori Giapponesi ci consente di offrire ad esempio una serie di giradischi top of the line, perfettamente restaurati, di Denon, Exclusive, Kenwood, Sony, Victor, Technics, Nakamichi e altri<br \/>L\u2019aspetto tecnico \u00e8 curato dal nostro laboratorio di assistenza interna, quello estetico direttamente dal fornitore. Il risultato sono apparecchiature che rasentano lo stato del nuovo pur essendo datate dai 40 ai 50 anni<br \/>La seconda, e non meno importante, attivit\u00e0 di Audioantiquary riguarda il reperimento, la selezione, e la rivendita di valvole per uso audio, storiche, le cosiddette NOS (new Old Stock) o NIB (New In Box) cio\u00e8 valvole termoioniche appartenenti a vecchi stock ma mai utilizzate prima.<br \/>In questo particolare settore possiamo affermare senza ombra di smentita di essere uno dei punti di riferimento mondiale sia per la cura e la selezione che impieghiamo per le nostre proposte, sia per la gamma e la rarit\u00e0 delle valvole in vendita<br \/>La parte in cui siamo al di sopra di ogni altro commerciante del settore presente nel globo \u00e8 la disponibilit\u00e0 della strumentazione necessaria per eseguire matching assoluti. Possediamo infatti i migliori Tube tester storici ma soprattutto i migliori di nuova produzione, quali Amplitrex Alladin II e Roe Tester.<br \/>Ogni apparecchio venduto da Audioantiquary \u00e8 seguito sia nella fase pre che post vendita dal nostro laboratorio di assistenza tecnica seguito da due tecnici di cui uno di livello assoluto: Wiliam Maioli, nipote di Gianni Mariani, che si \u00e8 occupato sia della costruzione che della progettazione di tutte le apparecchiature Graaf e da anni \u00e8 in forze al nostro staff.<br \/>Ogni unit\u00e0 venduta gode di un anno di garanzia<\/p>\n<p><strong>Aemilia Audio Project<\/strong><\/p>\n<p>Questo terzo, ma non meno importante, marchio del nostro gruppo \u00e8 una piccola realt\u00e0 artigianale che si occupa della progettazione e realizzazione di Giradischi, bracci di lettura, Step Up e preamplificatori Phono e tra poco anche di un esclusivo diffusore di livello assoluto e oltremodo innovativo.<br \/>I giradischi hanno caratteristiche esclusive quali ad esempio la possibilit\u00e0 di installare sino a quattro bracci.<br \/>Gli Step Up che saranno presentati proprio in occasione dell\u2019evento, hanno caratteristiche che li rendono diversi da qualunque altro presente in commercio a oggi.<br \/>Saranno inoltre la base per un preamplificatore riaa che verr\u00e0 presentato ufficialmente nel 2027 e che si pone l\u2019obiettivo di essere la migliore unit di questo tipo mai realizzata.<\/p>\n<p>Due giorni dedicati all\u2019<strong>ascolto autentico<\/strong>, alla <strong>cultura musicale<\/strong> e all\u2019<strong>eccellenza hi-fi<\/strong>, in una location che rappresenta un vero punto di riferimento per gli appassionati.<\/p>\n<p>&#x1f4f2; Per sapere quando apriranno le registrazioni, ricevere tutte le informazioni sui biglietti e scoprire in anteprima ospiti, aziende, marchi presenti e programma, <strong>seguite i nostri social!<\/strong><\/p>\n<p>&#x1f449; <strong>Instagram \u2013 Fon\u00e8 Records:<\/strong><br \/><a href=\"https:\/\/www.instagram.com\/fonerecordsofficial\" target=\"_blank\" rel=\"noopener\">https:\/\/www.instagram.com\/fonerecordsofficial<\/a><\/p>\n<p>&#x1f449; <strong>Facebook \u2013 Gran Gal\u00e0 dell&#8217;Alta Fedelt\u00e0:<\/strong><br \/><a href=\"https:\/\/www.facebook.com\/share\/1Hj8biYp4h\/\" target=\"_blank\" rel=\"noopener\">https:\/\/www.facebook.com\/share\/1Hj8biYp4h\/<\/a><\/p>\n<p>&#x1f449; <strong>Facebook \u2013 Fon\u00e8 Records:<\/strong><br \/><a href=\"https:\/\/www.facebook.com\/share\/1CrZqrDuFK\/\" target=\"_blank\" rel=\"noopener\">https:\/\/www.facebook.com\/share\/1CrZqrDuFK\/<\/a><\/p>\n<p>Per tutte le informazioni visitate:<br \/><a href=\"https:\/\/www.grangaladellaltafedelta.com\" target=\"_blank\" rel=\"noopener\"><strong>www.grangaladellaltafedelta.com<\/strong><\/a><\/p>\n","protected":false},"excerpt":{"rendered":"<p>&#x1f3b5; AEMILIA AUDIO al Gran Gal\u00e0 dell&#8217;Alta Fedelt\u00e0 di Milano 2026 &#x2728; &#x1f4cd; QUARK HOTEL \u2013 Milano&#x1f4c5; 3-4 Ottobre 2026&#x1f17f;&#xfe0f; Ampio parcheggio gratuito prima dell\u2019ingresso all\u2019albergo Brand Il gruppo Aemilia&hellip;<\/p>\n","protected":false},"author":1,"featured_media":11715,"comment_status":"closed","ping_status":"closed","sticky":false,"template":"","format":"standard","meta":{"footnotes":""},"categories":[36,89,1],"tags":[155],"class_list":["post-11721","post","type-post","status-publish","format-standard","has-post-thumbnail","hentry","category-gran-gala-en","category-in-evidenza-en","category-uncategorized","tag-gran-gala-milano-en"],"yoast_head":"<!-- This site is optimized with the Yoast SEO plugin v28.3 - https:\/\/yoast.com\/product\/yoast-seo-wordpress\/ -->\n<title>AEMILIA AUDIO al Gran Gal\u00e0 dell&#039;Alta Fedelt\u00e0 di Milano 2026 | fon\u00e8 records<\/title>\n<meta name=\"robots\" content=\"index, follow, max-snippet:-1, max-image-preview:large, max-video-preview:-1\" \/>\n<link rel=\"canonical\" href=\"https:\/\/fone.it\/en\/aemilia-audio-al-gran-gala-dellalta-fedelta-di-milano-2026\/\" \/>\n<meta property=\"og:locale\" content=\"en_US\" \/>\n<meta property=\"og:type\" content=\"article\" \/>\n<meta property=\"og:title\" content=\"AEMILIA AUDIO al Gran Gal\u00e0 dell&#039;Alta Fedelt\u00e0 di Milano 2026 | fon\u00e8 records\" \/>\n<meta property=\"og:description\" content=\"&#x1f3b5; AEMILIA AUDIO al Gran Gal\u00e0 dell&#8217;Alta Fedelt\u00e0 di Milano 2026 &#x2728; &#x1f4cd; QUARK HOTEL \u2013 Milano&#x1f4c5; 3-4 Ottobre 2026&#x1f17f;&#xfe0f; Ampio parcheggio gratuito prima dell\u2019ingresso all\u2019albergo Brand Il gruppo Aemilia&hellip;\" \/>\n<meta property=\"og:url\" content=\"https:\/\/fone.it\/en\/aemilia-audio-al-gran-gala-dellalta-fedelta-di-milano-2026\/\" \/>\n<meta property=\"og:site_name\" content=\"fon\u00e8 records\" \/>\n<meta property=\"article:publisher\" content=\"https:\/\/www.facebook.com\/fonerecordsofficial\" \/>\n<meta property=\"article:published_time\" content=\"2026-09-03T17:10:35+00:00\" \/>\n<meta property=\"article:modified_time\" content=\"2026-09-03T17:10:51+00:00\" \/>\n<meta property=\"og:image\" content=\"https:\/\/fone.it\/wp-content\/uploads\/2026\/09\/aemilia-gran-gala-milano-2026--e1788455342774.png\" \/>\n\t<meta property=\"og:image:width\" content=\"1080\" \/>\n\t<meta property=\"og:image:height\" content=\"1350\" \/>\n\t<meta property=\"og:image:type\" content=\"image\/png\" \/>\n<meta name=\"author\" content=\"giuliocesare.ricci\" \/>\n<meta name=\"twitter:card\" content=\"summary_large_image\" \/>\n<meta name=\"twitter:label1\" content=\"Written by\" \/>\n\t<meta name=\"twitter:data1\" content=\"giuliocesare.ricci\" \/>\n\t<meta name=\"twitter:label2\" content=\"Est. reading time\" \/>\n\t<meta name=\"twitter:data2\" content=\"5 minutes\" \/>\n<script type=\"application\/ld+json\" class=\"yoast-schema-graph\">{\"@context\":\"https:\\\/\\\/schema.org\",\"@graph\":[{\"@type\":\"Article\",\"@id\":\"https:\\\/\\\/fone.it\\\/en\\\/aemilia-audio-al-gran-gala-dellalta-fedelta-di-milano-2026\\\/#article\",\"isPartOf\":{\"@id\":\"https:\\\/\\\/fone.it\\\/en\\\/aemilia-audio-al-gran-gala-dellalta-fedelta-di-milano-2026\\\/\"},\"author\":{\"name\":\"giuliocesare.ricci\",\"@id\":\"https:\\\/\\\/fone.it\\\/en\\\/#\\\/schema\\\/person\\\/f4c96b19ff62e0ad1eb83bf434c99b20\"},\"headline\":\"AEMILIA AUDIO al Gran Gal\u00e0 dell&#8217;Alta Fedelt\u00e0 di Milano 2026\",\"datePublished\":\"2026-09-03T17:10:35+00:00\",\"dateModified\":\"2026-09-03T17:10:51+00:00\",\"mainEntityOfPage\":{\"@id\":\"https:\\\/\\\/fone.it\\\/en\\\/aemilia-audio-al-gran-gala-dellalta-fedelta-di-milano-2026\\\/\"},\"wordCount\":735,\"publisher\":{\"@id\":\"https:\\\/\\\/fone.it\\\/en\\\/#organization\"},\"image\":{\"@id\":\"https:\\\/\\\/fone.it\\\/en\\\/aemilia-audio-al-gran-gala-dellalta-fedelta-di-milano-2026\\\/#primaryimage\"},\"thumbnailUrl\":\"https:\\\/\\\/fone.it\\\/wp-content\\\/uploads\\\/2026\\\/09\\\/aemilia-gran-gala-milano-2026--e1788455342774.png\",\"keywords\":[\"gran gal\u00e0 milano\"],\"articleSection\":[\"Gran Gal\u00e0\",\"in evidenza\"],\"inLanguage\":\"en-US\"},{\"@type\":\"WebPage\",\"@id\":\"https:\\\/\\\/fone.it\\\/en\\\/aemilia-audio-al-gran-gala-dellalta-fedelta-di-milano-2026\\\/\",\"url\":\"https:\\\/\\\/fone.it\\\/en\\\/aemilia-audio-al-gran-gala-dellalta-fedelta-di-milano-2026\\\/\",\"name\":\"AEMILIA AUDIO al Gran Gal\u00e0 dell'Alta Fedelt\u00e0 di Milano 2026 | fon\u00e8 records\",\"isPartOf\":{\"@id\":\"https:\\\/\\\/fone.it\\\/en\\\/#website\"},\"primaryImageOfPage\":{\"@id\":\"https:\\\/\\\/fone.it\\\/en\\\/aemilia-audio-al-gran-gala-dellalta-fedelta-di-milano-2026\\\/#primaryimage\"},\"image\":{\"@id\":\"https:\\\/\\\/fone.it\\\/en\\\/aemilia-audio-al-gran-gala-dellalta-fedelta-di-milano-2026\\\/#primaryimage\"},\"thumbnailUrl\":\"https:\\\/\\\/fone.it\\\/wp-content\\\/uploads\\\/2026\\\/09\\\/aemilia-gran-gala-milano-2026--e1788455342774.png\",\"datePublished\":\"2026-09-03T17:10:35+00:00\",\"dateModified\":\"2026-09-03T17:10:51+00:00\",\"breadcrumb\":{\"@id\":\"https:\\\/\\\/fone.it\\\/en\\\/aemilia-audio-al-gran-gala-dellalta-fedelta-di-milano-2026\\\/#breadcrumb\"},\"inLanguage\":\"en-US\",\"potentialAction\":[{\"@type\":\"ReadAction\",\"target\":[\"https:\\\/\\\/fone.it\\\/en\\\/aemilia-audio-al-gran-gala-dellalta-fedelta-di-milano-2026\\\/\"]}]},{\"@type\":\"ImageObject\",\"inLanguage\":\"en-US\",\"@id\":\"https:\\\/\\\/fone.it\\\/en\\\/aemilia-audio-al-gran-gala-dellalta-fedelta-di-milano-2026\\\/#primaryimage\",\"url\":\"https:\\\/\\\/fone.it\\\/wp-content\\\/uploads\\\/2026\\\/09\\\/aemilia-gran-gala-milano-2026--e1788455342774.png\",\"contentUrl\":\"https:\\\/\\\/fone.it\\\/wp-content\\\/uploads\\\/2026\\\/09\\\/aemilia-gran-gala-milano-2026--e1788455342774.png\",\"width\":1080,\"height\":1350},{\"@type\":\"BreadcrumbList\",\"@id\":\"https:\\\/\\\/fone.it\\\/en\\\/aemilia-audio-al-gran-gala-dellalta-fedelta-di-milano-2026\\\/#breadcrumb\",\"itemListElement\":[{\"@type\":\"ListItem\",\"position\":1,\"name\":\"Home\",\"item\":\"https:\\\/\\\/fone.it\\\/en\\\/\"},{\"@type\":\"ListItem\",\"position\":2,\"name\":\"AEMILIA AUDIO al Gran Gal\u00e0 dell&#8217;Alta Fedelt\u00e0 di Milano 2026\"}]},{\"@type\":\"WebSite\",\"@id\":\"https:\\\/\\\/fone.it\\\/en\\\/#website\",\"url\":\"https:\\\/\\\/fone.it\\\/en\\\/\",\"name\":\"fone.it\",\"description\":\"Natural Sound Recordings, da 40 anni in Alta fedelt\u00e0\",\"publisher\":{\"@id\":\"https:\\\/\\\/fone.it\\\/en\\\/#organization\"},\"potentialAction\":[{\"@type\":\"SearchAction\",\"target\":{\"@type\":\"EntryPoint\",\"urlTemplate\":\"https:\\\/\\\/fone.it\\\/en\\\/?s={search_term_string}\"},\"query-input\":{\"@type\":\"PropertyValueSpecification\",\"valueRequired\":true,\"valueName\":\"search_term_string\"}}],\"inLanguage\":\"en-US\"},{\"@type\":\"Organization\",\"@id\":\"https:\\\/\\\/fone.it\\\/en\\\/#organization\",\"name\":\"fone.it\",\"url\":\"https:\\\/\\\/fone.it\\\/en\\\/\",\"logo\":{\"@type\":\"ImageObject\",\"inLanguage\":\"en-US\",\"@id\":\"https:\\\/\\\/fone.it\\\/en\\\/#\\\/schema\\\/logo\\\/image\\\/\",\"url\":\"https:\\\/\\\/fone.it\\\/wp-content\\\/uploads\\\/2016\\\/01\\\/logo-fone.jpg\",\"contentUrl\":\"https:\\\/\\\/fone.it\\\/wp-content\\\/uploads\\\/2016\\\/01\\\/logo-fone.jpg\",\"width\":163,\"height\":65,\"caption\":\"fone.it\"},\"image\":{\"@id\":\"https:\\\/\\\/fone.it\\\/en\\\/#\\\/schema\\\/logo\\\/image\\\/\"},\"sameAs\":[\"https:\\\/\\\/www.facebook.com\\\/fonerecordsofficial\",\"https:\\\/\\\/www.instagram.com\\\/fonerecordsofficial\\\/\"]},{\"@type\":\"Person\",\"@id\":\"https:\\\/\\\/fone.it\\\/en\\\/#\\\/schema\\\/person\\\/f4c96b19ff62e0ad1eb83bf434c99b20\",\"name\":\"giuliocesare.ricci\",\"image\":{\"@type\":\"ImageObject\",\"inLanguage\":\"en-US\",\"@id\":\"https:\\\/\\\/fone.it\\\/wp-content\\\/litespeed\\\/avatar\\\/ad38570a0811ac82ca62e8b32edbab7b.jpg?ver=1788356979\",\"url\":\"https:\\\/\\\/fone.it\\\/wp-content\\\/litespeed\\\/avatar\\\/ad38570a0811ac82ca62e8b32edbab7b.jpg?ver=1788356979\",\"contentUrl\":\"https:\\\/\\\/fone.it\\\/wp-content\\\/litespeed\\\/avatar\\\/ad38570a0811ac82ca62e8b32edbab7b.jpg?ver=1788356979\",\"caption\":\"giuliocesare.ricci\"},\"url\":\"https:\\\/\\\/fone.it\\\/en\\\/author\\\/giuliocesare-ricci\\\/\"}]}<\/script>\n<!-- \/ Yoast SEO plugin. -->","yoast_head_json":{"title":"AEMILIA AUDIO al Gran Gal\u00e0 dell'Alta Fedelt\u00e0 di Milano 2026 | fon\u00e8 records","robots":{"index":"index","follow":"follow","max-snippet":"max-snippet:-1","max-image-preview":"max-image-preview:large","max-video-preview":"max-video-preview:-1"},"canonical":"https:\/\/fone.it\/en\/aemilia-audio-al-gran-gala-dellalta-fedelta-di-milano-2026\/","og_locale":"en_US","og_type":"article","og_title":"AEMILIA AUDIO al Gran Gal\u00e0 dell'Alta Fedelt\u00e0 di Milano 2026 | fon\u00e8 records","og_description":"&#x1f3b5; AEMILIA AUDIO al Gran Gal\u00e0 dell&#8217;Alta Fedelt\u00e0 di Milano 2026 &#x2728; &#x1f4cd; QUARK HOTEL \u2013 Milano&#x1f4c5; 3-4 Ottobre 2026&#x1f17f;&#xfe0f; Ampio parcheggio gratuito prima dell\u2019ingresso all\u2019albergo Brand Il gruppo Aemilia&hellip;","og_url":"https:\/\/fone.it\/en\/aemilia-audio-al-gran-gala-dellalta-fedelta-di-milano-2026\/","og_site_name":"fon\u00e8 records","article_publisher":"https:\/\/www.facebook.com\/fonerecordsofficial","article_published_time":"2026-09-03T17:10:35+00:00","article_modified_time":"2026-09-03T17:10:51+00:00","og_image":[{"width":1080,"height":1350,"url":"https:\/\/fone.it\/wp-content\/uploads\/2026\/09\/aemilia-gran-gala-milano-2026--e1788455342774.png","type":"image\/png"}],"author":"giuliocesare.ricci","twitter_card":"summary_large_image","twitter_misc":{"Written by":"giuliocesare.ricci","Est. reading time":"5 minutes"},"schema":{"@context":"https:\/\/schema.org","@graph":[{"@type":"Article","@id":"https:\/\/fone.it\/en\/aemilia-audio-al-gran-gala-dellalta-fedelta-di-milano-2026\/#article","isPartOf":{"@id":"https:\/\/fone.it\/en\/aemilia-audio-al-gran-gala-dellalta-fedelta-di-milano-2026\/"},"author":{"name":"giuliocesare.ricci","@id":"https:\/\/fone.it\/en\/#\/schema\/person\/f4c96b19ff62e0ad1eb83bf434c99b20"},"headline":"AEMILIA AUDIO al Gran Gal\u00e0 dell&#8217;Alta Fedelt\u00e0 di Milano 2026","datePublished":"2026-09-03T17:10:35+00:00","dateModified":"2026-09-03T17:10:51+00:00","mainEntityOfPage":{"@id":"https:\/\/fone.it\/en\/aemilia-audio-al-gran-gala-dellalta-fedelta-di-milano-2026\/"},"wordCount":735,"publisher":{"@id":"https:\/\/fone.it\/en\/#organization"},"image":{"@id":"https:\/\/fone.it\/en\/aemilia-audio-al-gran-gala-dellalta-fedelta-di-milano-2026\/#primaryimage"},"thumbnailUrl":"https:\/\/fone.it\/wp-content\/uploads\/2026\/09\/aemilia-gran-gala-milano-2026--e1788455342774.png","keywords":["gran gal\u00e0 milano"],"articleSection":["Gran Gal\u00e0","in evidenza"],"inLanguage":"en-US"},{"@type":"WebPage","@id":"https:\/\/fone.it\/en\/aemilia-audio-al-gran-gala-dellalta-fedelta-di-milano-2026\/","url":"https:\/\/fone.it\/en\/aemilia-audio-al-gran-gala-dellalta-fedelta-di-milano-2026\/","name":"AEMILIA AUDIO al Gran Gal\u00e0 dell'Alta Fedelt\u00e0 di Milano 2026 | fon\u00e8 records","isPartOf":{"@id":"https:\/\/fone.it\/en\/#website"},"primaryImageOfPage":{"@id":"https:\/\/fone.it\/en\/aemilia-audio-al-gran-gala-dellalta-fedelta-di-milano-2026\/#primaryimage"},"image":{"@id":"https:\/\/fone.it\/en\/aemilia-audio-al-gran-gala-dellalta-fedelta-di-milano-2026\/#primaryimage"},"thumbnailUrl":"https:\/\/fone.it\/wp-content\/uploads\/2026\/09\/aemilia-gran-gala-milano-2026--e1788455342774.png","datePublished":"2026-09-03T17:10:35+00:00","dateModified":"2026-09-03T17:10:51+00:00","breadcrumb":{"@id":"https:\/\/fone.it\/en\/aemilia-audio-al-gran-gala-dellalta-fedelta-di-milano-2026\/#breadcrumb"},"inLanguage":"en-US","potentialAction":[{"@type":"ReadAction","target":["https:\/\/fone.it\/en\/aemilia-audio-al-gran-gala-dellalta-fedelta-di-milano-2026\/"]}]},{"@type":"ImageObject","inLanguage":"en-US","@id":"https:\/\/fone.it\/en\/aemilia-audio-al-gran-gala-dellalta-fedelta-di-milano-2026\/#primaryimage","url":"https:\/\/fone.it\/wp-content\/uploads\/2026\/09\/aemilia-gran-gala-milano-2026--e1788455342774.png","contentUrl":"https:\/\/fone.it\/wp-content\/uploads\/2026\/09\/aemilia-gran-gala-milano-2026--e1788455342774.png","width":1080,"height":1350},{"@type":"BreadcrumbList","@id":"https:\/\/fone.it\/en\/aemilia-audio-al-gran-gala-dellalta-fedelta-di-milano-2026\/#breadcrumb","itemListElement":[{"@type":"ListItem","position":1,"name":"Home","item":"https:\/\/fone.it\/en\/"},{"@type":"ListItem","position":2,"name":"AEMILIA AUDIO al Gran Gal\u00e0 dell&#8217;Alta Fedelt\u00e0 di Milano 2026"}]},{"@type":"WebSite","@id":"https:\/\/fone.it\/en\/#website","url":"https:\/\/fone.it\/en\/","name":"fone.it","description":"Natural Sound Recordings, da 40 anni in Alta fedelt\u00e0","publisher":{"@id":"https:\/\/fone.it\/en\/#organization"},"potentialAction":[{"@type":"SearchAction","target":{"@type":"EntryPoint","urlTemplate":"https:\/\/fone.it\/en\/?s={search_term_string}"},"query-input":{"@type":"PropertyValueSpecification","valueRequired":true,"valueName":"search_term_string"}}],"inLanguage":"en-US"},{"@type":"Organization","@id":"https:\/\/fone.it\/en\/#organization","name":"fone.it","url":"https:\/\/fone.it\/en\/","logo":{"@type":"ImageObject","inLanguage":"en-US","@id":"https:\/\/fone.it\/en\/#\/schema\/logo\/image\/","url":"https:\/\/fone.it\/wp-content\/uploads\/2016\/01\/logo-fone.jpg","contentUrl":"https:\/\/fone.it\/wp-content\/uploads\/2016\/01\/logo-fone.jpg","width":163,"height":65,"caption":"fone.it"},"image":{"@id":"https:\/\/fone.it\/en\/#\/schema\/logo\/image\/"},"sameAs":["https:\/\/www.facebook.com\/fonerecordsofficial","https:\/\/www.instagram.com\/fonerecordsofficial\/"]},{"@type":"Person","@id":"https:\/\/fone.it\/en\/#\/schema\/person\/f4c96b19ff62e0ad1eb83bf434c99b20","name":"giuliocesare.ricci","image":{"@type":"ImageObject","inLanguage":"en-US","@id":"https:\/\/fone.it\/wp-content\/litespeed\/avatar\/ad38570a0811ac82ca62e8b32edbab7b.jpg?ver=1788356979","url":"https:\/\/fone.it\/wp-content\/litespeed\/avatar\/ad38570a0811ac82ca62e8b32edbab7b.jpg?ver=1788356979","contentUrl":"https:\/\/fone.it\/wp-content\/litespeed\/avatar\/ad38570a0811ac82ca62e8b32edbab7b.jpg?ver=1788356979","caption":"giuliocesare.ricci"},"url":"https:\/\/fone.it\/en\/author\/giuliocesare-ricci\/"}]}},"_links":{"self":[{"href":"https:\/\/fone.it\/en\/wp-json\/wp\/v2\/posts\/11721","targetHints":{"allow":["GET"]}}],"collection":[{"href":"https:\/\/fone.it\/en\/wp-json\/wp\/v2\/posts"}],"about":[{"href":"https:\/\/fone.it\/en\/wp-json\/wp\/v2\/types\/post"}],"author":[{"embeddable":true,"href":"https:\/\/fone.it\/en\/wp-json\/wp\/v2\/users\/1"}],"replies":[{"embeddable":true,"href":"https:\/\/fone.it\/en\/wp-json\/wp\/v2\/comments?post=11721"}],"version-history":[{"count":1,"href":"https:\/\/fone.it\/en\/wp-json\/wp\/v2\/posts\/11721\/revisions"}],"predecessor-version":[{"id":11722,"href":"https:\/\/fone.it\/en\/wp-json\/wp\/v2\/posts\/11721\/revisions\/11722"}],"wp:featuredmedia":[{"embeddable":true,"href":"https:\/\/fone.it\/en\/wp-json\/wp\/v2\/media\/11715"}],"wp:attachment":[{"href":"https:\/\/fone.it\/en\/wp-json\/wp\/v2\/media?parent=11721"}],"wp:term":[{"taxonomy":"category","embeddable":true,"href":"https:\/\/fone.it\/en\/wp-json\/wp\/v2\/categories?post=11721"},{"taxonomy":"post_tag","embeddable":true,"href":"https:\/\/fone.it\/en\/wp-json\/wp\/v2\/tags?post=11721"}],"curies":[{"name":"wp","href":"https:\/\/api.w.org\/{rel}","templated":true}]}}