{"id":10867,"date":"2026-07-01T16:48:37","date_gmt":"2026-07-01T15:48:37","guid":{"rendered":"https:\/\/fone.it\/gran-gala-dellalta-fedelta-di-milano-2026\/"},"modified":"2026-08-04T15:19:28","modified_gmt":"2026-08-04T14:19:28","slug":"gran-gala-dellalta-fedelta-di-milano-2026","status":"publish","type":"post","link":"https:\/\/fone.it\/en\/gran-gala-dellalta-fedelta-di-milano-2026\/","title":{"rendered":"&#x2728; Gran Gal\u00e0 dell\u2019Alta Fedelt\u00e0 di Milano 2026"},"content":{"rendered":"<p><i style=\"-webkit-tap-highlight-color: transparent;\">&#x1f4cd; <strong>Quark Hotel &#8211; Milano<\/strong><\/i><\/p>\n<div class=\"container\"><header class=\"event-header\">\n<div class=\"event-sub\"><i><i>&#x1f4c5; \u00a0<\/i><\/i><strong>3-4 Ottobre 2026<\/strong><hr \/><i><\/i><\/div>\n<\/header>\n<p><!-- INTRO CON MAESTRO ACCARDO --><\/p>\n<div class=\"highlight-box\">\n<p><strong>Il Gran Gal\u00e0 dell\u2019Alta Fedelt\u00e0 di Milano 2026<\/strong> sar\u00e0 dedicato al Maestro Salvatore Accardo, un omaggio ad una \u201cleggenda\u201c del violino.<\/p>\n<\/div>\n<p><!-- SEZIONE: DURANTE IL WEEKEND TROVERETE --><\/p>\n<h2 class=\"section-title\">&#x1f3bc; Durante il weekend troverete:<\/h2>\n<ul class=\"feature-grid\">\n<li><strong>33 sale suonanti<\/strong> (varie grandezze 110, 100, 65, 50 e 30 mq) che ospiteranno i migliori marchi e impianti hi-fi;<\/li>\n<li>la prestigiosa <strong>Sala Quasar<\/strong> di 600 mq che ospiter\u00e0 concerti, demo di Giulio Cesare Ricci, incontri e conferenze;<\/li>\n<li>artisti e ospiti d\u2019eccezione, tra cui <strong>Bobby Solo, Petra Magoni, Finaz e Alessandro Quarta<\/strong>;<\/li>\n<li><strong>ampi spazi statici<\/strong> nei piani in cui si svolger\u00e0 l\u2019evento<\/li>\n<\/ul>\n<p><!-- DETTAGLIO SALA QUASAR (gi\u00e0 menzionata, ma per coerenza manteniamo il testo originale) --><\/p>\n<div class=\"sala-quasar\">\n<p><strong>Sala Quasar<\/strong> \u2013 600 mq dedicati a concerti, demo di Giulio Cesare Ricci, incontri e conferenze.<\/p>\n<\/div>\n<p><!-- ARTISTI IN EVIDENZA (testo originale) --><\/p>\n<div style=\"margin: 1.2rem 0 0.8rem 0;\"><span style=\"font-weight: 600; font-size: 1.05rem;\">Artisti e ospiti d\u2019eccezione:<\/span><\/div>\n<\/div>\n<ul class=\"artist-list\">\n<li>Bobby Solo<\/li>\n<li>Petra Magoni<\/li>\n<li>Finaz<\/li>\n<li>Alessandro Quarta<\/li>\n<\/ul>\n<p><!-- SPAZI STATICI (testo originale) --><\/p>\n<p><!-- DUE GIORNI DI ASCOLTO --><\/p>\n<p style=\"font-size: 1.05rem; margin: 1.8rem 0 0.8rem 0;\"><strong>Due giorni dedicati all\u2019ascolto autentico, alla cultura musicale e all\u2019eccellenza hi-fi<\/strong>, in una location che rappresenta un vero pezzo di storia per gli appassionati.<\/p>\n<p><!-- EDIZIONE CHE LASCIA IL SEGNO (testo originale) --><\/p>\n<div class=\"testo-storico\">\n<p><strong>Un\u2019edizione destinata a lasciare il segno:<\/strong> tornare nello storico e rinnovato Quark Hotel, sede del leggendario Top Audio Video Show, la manifestazione che per oltre 25 anni ha contribuito alla diffusione dell\u2019Alta Fedelt\u00e0 in Italia, formando generazioni di appassionati.<\/p>\n<\/div>\n<p><!-- CHIUSURA: TI ASPETTIAMO --><\/p>\n<div class=\"callout-attesa\">&#x1f60a; Ti Aspettiamo &#x1f60a;<\/div>\n<p><!-- Microdati per evento (Schema.org) \u2013 SEO avanzato --><\/p>\n<div style=\"display: none;\">Gran Gal\u00e0 dell\u2019Alta Fedelt\u00e0 di Milano 2026<br \/>Il Gran Gal\u00e0 dell\u2019Alta Fedelt\u00e0 di Milano 2026 sar\u00e0 dedicata al Maestro Salvatore Accardo, un omaggio ad una \u201cleggenda\u201c del violino. 33 sale suonanti, Sala Quasar, ospiti d&#8217;eccezione.<br \/>2026-10-03<br \/>2026-10-04\n<p>Quark Hotel &#8211; Milano<\/p>\n<p>Milano<br \/>Italia<\/p>\n<p>Gran Gal\u00e0 dell&#8217;Alta Fedelt\u00e0<\/p>\n<\/div>\n<p><!-- fine container --><\/p>\n\n\n<p class=\"wp-block-paragraph\"><\/p>\n","protected":false},"excerpt":{"rendered":"<p>&#x1f4cd; Quark Hotel &#8211; Milano &#x1f4c5; \u00a03-4 Ottobre 2026 Il Gran Gal\u00e0 dell\u2019Alta Fedelt\u00e0 di Milano 2026 sar\u00e0 dedicato al Maestro Salvatore Accardo, un omaggio ad una \u201cleggenda\u201c del violino.&hellip;<\/p>\n","protected":false},"author":1,"featured_media":11014,"comment_status":"closed","ping_status":"closed","sticky":false,"template":"","format":"standard","meta":{"footnotes":""},"categories":[36,89,1],"tags":[129,155,133],"class_list":["post-10867","post","type-post","status-publish","format-standard","has-post-thumbnail","hentry","category-gran-gala-en","category-in-evidenza-en","category-uncategorized","tag-alta-fedelta-en","tag-gran-gala-milano-en","tag-hifi-en"],"yoast_head":"<!-- This site is optimized with the Yoast SEO plugin v28.3 - https:\/\/yoast.com\/product\/yoast-seo-wordpress\/ -->\n<title>&#x2728; Gran Gal\u00e0 dell\u2019Alta Fedelt\u00e0 di Milano 2026 | fon\u00e8 records<\/title>\n<meta name=\"robots\" content=\"index, follow, max-snippet:-1, max-image-preview:large, max-video-preview:-1\" \/>\n<link rel=\"canonical\" href=\"https:\/\/fone.it\/en\/gran-gala-dellalta-fedelta-di-milano-2026\/\" \/>\n<meta property=\"og:locale\" content=\"en_US\" \/>\n<meta property=\"og:type\" content=\"article\" \/>\n<meta property=\"og:title\" content=\"&#x2728; Gran Gal\u00e0 dell\u2019Alta Fedelt\u00e0 di Milano 2026 | fon\u00e8 records\" \/>\n<meta property=\"og:description\" content=\"&#x1f4cd; Quark Hotel &#8211; Milano &#x1f4c5; \u00a03-4 Ottobre 2026 Il Gran Gal\u00e0 dell\u2019Alta Fedelt\u00e0 di Milano 2026 sar\u00e0 dedicato al Maestro Salvatore Accardo, un omaggio ad una \u201cleggenda\u201c del violino.&hellip;\" \/>\n<meta property=\"og:url\" content=\"https:\/\/fone.it\/en\/gran-gala-dellalta-fedelta-di-milano-2026\/\" \/>\n<meta property=\"og:site_name\" content=\"fon\u00e8 records\" \/>\n<meta property=\"article:publisher\" content=\"https:\/\/www.facebook.com\/fonerecordsofficial\" \/>\n<meta property=\"article:published_time\" content=\"2026-07-01T15:48:37+00:00\" \/>\n<meta property=\"article:modified_time\" content=\"2026-08-04T14:19:28+00:00\" \/>\n<meta property=\"og:image\" content=\"https:\/\/fone.it\/wp-content\/uploads\/2026\/07\/MILANO-gran-gala-2026.jpg\" \/>\n\t<meta property=\"og:image:width\" content=\"1280\" \/>\n\t<meta property=\"og:image:height\" content=\"904\" \/>\n\t<meta property=\"og:image:type\" content=\"image\/jpeg\" \/>\n<meta name=\"author\" content=\"giuliocesare.ricci\" \/>\n<meta name=\"twitter:card\" content=\"summary_large_image\" \/>\n<meta name=\"twitter:label1\" content=\"Written by\" \/>\n\t<meta name=\"twitter:data1\" content=\"giuliocesare.ricci\" \/>\n\t<meta name=\"twitter:label2\" content=\"Est. reading time\" \/>\n\t<meta name=\"twitter:data2\" content=\"2 minutes\" \/>\n<script type=\"application\/ld+json\" class=\"yoast-schema-graph\">{\"@context\":\"https:\\\/\\\/schema.org\",\"@graph\":[{\"@type\":\"Article\",\"@id\":\"https:\\\/\\\/fone.it\\\/en\\\/gran-gala-dellalta-fedelta-di-milano-2026\\\/#article\",\"isPartOf\":{\"@id\":\"https:\\\/\\\/fone.it\\\/en\\\/gran-gala-dellalta-fedelta-di-milano-2026\\\/\"},\"author\":{\"name\":\"giuliocesare.ricci\",\"@id\":\"https:\\\/\\\/fone.it\\\/en\\\/#\\\/schema\\\/person\\\/f4c96b19ff62e0ad1eb83bf434c99b20\"},\"headline\":\"&#x2728; Gran Gal\u00e0 dell\u2019Alta Fedelt\u00e0 di Milano 2026\",\"datePublished\":\"2026-07-01T15:48:37+00:00\",\"dateModified\":\"2026-08-04T14:19:28+00:00\",\"mainEntityOfPage\":{\"@id\":\"https:\\\/\\\/fone.it\\\/en\\\/gran-gala-dellalta-fedelta-di-milano-2026\\\/\"},\"wordCount\":254,\"publisher\":{\"@id\":\"https:\\\/\\\/fone.it\\\/en\\\/#organization\"},\"image\":{\"@id\":\"https:\\\/\\\/fone.it\\\/en\\\/gran-gala-dellalta-fedelta-di-milano-2026\\\/#primaryimage\"},\"thumbnailUrl\":\"https:\\\/\\\/fone.it\\\/wp-content\\\/uploads\\\/2026\\\/07\\\/MILANO-gran-gala-2026.jpg\",\"keywords\":[\"alta fedelt\u00e0\",\"gran gal\u00e0 milano\",\"Hifi\"],\"articleSection\":[\"Gran Gal\u00e0\",\"in evidenza\"],\"inLanguage\":\"en-US\"},{\"@type\":\"WebPage\",\"@id\":\"https:\\\/\\\/fone.it\\\/en\\\/gran-gala-dellalta-fedelta-di-milano-2026\\\/\",\"url\":\"https:\\\/\\\/fone.it\\\/en\\\/gran-gala-dellalta-fedelta-di-milano-2026\\\/\",\"name\":\"&#x2728; Gran Gal\u00e0 dell\u2019Alta Fedelt\u00e0 di Milano 2026 | fon\u00e8 records\",\"isPartOf\":{\"@id\":\"https:\\\/\\\/fone.it\\\/en\\\/#website\"},\"primaryImageOfPage\":{\"@id\":\"https:\\\/\\\/fone.it\\\/en\\\/gran-gala-dellalta-fedelta-di-milano-2026\\\/#primaryimage\"},\"image\":{\"@id\":\"https:\\\/\\\/fone.it\\\/en\\\/gran-gala-dellalta-fedelta-di-milano-2026\\\/#primaryimage\"},\"thumbnailUrl\":\"https:\\\/\\\/fone.it\\\/wp-content\\\/uploads\\\/2026\\\/07\\\/MILANO-gran-gala-2026.jpg\",\"datePublished\":\"2026-07-01T15:48:37+00:00\",\"dateModified\":\"2026-08-04T14:19:28+00:00\",\"breadcrumb\":{\"@id\":\"https:\\\/\\\/fone.it\\\/en\\\/gran-gala-dellalta-fedelta-di-milano-2026\\\/#breadcrumb\"},\"inLanguage\":\"en-US\",\"potentialAction\":[{\"@type\":\"ReadAction\",\"target\":[\"https:\\\/\\\/fone.it\\\/en\\\/gran-gala-dellalta-fedelta-di-milano-2026\\\/\"]}]},{\"@type\":\"ImageObject\",\"inLanguage\":\"en-US\",\"@id\":\"https:\\\/\\\/fone.it\\\/en\\\/gran-gala-dellalta-fedelta-di-milano-2026\\\/#primaryimage\",\"url\":\"https:\\\/\\\/fone.it\\\/wp-content\\\/uploads\\\/2026\\\/07\\\/MILANO-gran-gala-2026.jpg\",\"contentUrl\":\"https:\\\/\\\/fone.it\\\/wp-content\\\/uploads\\\/2026\\\/07\\\/MILANO-gran-gala-2026.jpg\",\"width\":1280,\"height\":904,\"caption\":\"Gran Gal\u00e0 dell'Alta Fedelt\u00e0 di Milano 2026\"},{\"@type\":\"BreadcrumbList\",\"@id\":\"https:\\\/\\\/fone.it\\\/en\\\/gran-gala-dellalta-fedelta-di-milano-2026\\\/#breadcrumb\",\"itemListElement\":[{\"@type\":\"ListItem\",\"position\":1,\"name\":\"Home\",\"item\":\"https:\\\/\\\/fone.it\\\/en\\\/\"},{\"@type\":\"ListItem\",\"position\":2,\"name\":\"&#x2728; Gran Gal\u00e0 dell\u2019Alta Fedelt\u00e0 di Milano 2026\"}]},{\"@type\":\"WebSite\",\"@id\":\"https:\\\/\\\/fone.it\\\/en\\\/#website\",\"url\":\"https:\\\/\\\/fone.it\\\/en\\\/\",\"name\":\"fone.it\",\"description\":\"Natural Sound Recordings, da 40 anni in Alta fedelt\u00e0\",\"publisher\":{\"@id\":\"https:\\\/\\\/fone.it\\\/en\\\/#organization\"},\"potentialAction\":[{\"@type\":\"SearchAction\",\"target\":{\"@type\":\"EntryPoint\",\"urlTemplate\":\"https:\\\/\\\/fone.it\\\/en\\\/?s={search_term_string}\"},\"query-input\":{\"@type\":\"PropertyValueSpecification\",\"valueRequired\":true,\"valueName\":\"search_term_string\"}}],\"inLanguage\":\"en-US\"},{\"@type\":\"Organization\",\"@id\":\"https:\\\/\\\/fone.it\\\/en\\\/#organization\",\"name\":\"fone.it\",\"url\":\"https:\\\/\\\/fone.it\\\/en\\\/\",\"logo\":{\"@type\":\"ImageObject\",\"inLanguage\":\"en-US\",\"@id\":\"https:\\\/\\\/fone.it\\\/en\\\/#\\\/schema\\\/logo\\\/image\\\/\",\"url\":\"https:\\\/\\\/fone.it\\\/wp-content\\\/uploads\\\/2016\\\/01\\\/logo-fone.jpg\",\"contentUrl\":\"https:\\\/\\\/fone.it\\\/wp-content\\\/uploads\\\/2016\\\/01\\\/logo-fone.jpg\",\"width\":163,\"height\":65,\"caption\":\"fone.it\"},\"image\":{\"@id\":\"https:\\\/\\\/fone.it\\\/en\\\/#\\\/schema\\\/logo\\\/image\\\/\"},\"sameAs\":[\"https:\\\/\\\/www.facebook.com\\\/fonerecordsofficial\",\"https:\\\/\\\/www.instagram.com\\\/fonerecordsofficial\\\/\"]},{\"@type\":\"Person\",\"@id\":\"https:\\\/\\\/fone.it\\\/en\\\/#\\\/schema\\\/person\\\/f4c96b19ff62e0ad1eb83bf434c99b20\",\"name\":\"giuliocesare.ricci\",\"image\":{\"@type\":\"ImageObject\",\"inLanguage\":\"en-US\",\"@id\":\"https:\\\/\\\/fone.it\\\/wp-content\\\/litespeed\\\/avatar\\\/ad38570a0811ac82ca62e8b32edbab7b.jpg?ver=1788356979\",\"url\":\"https:\\\/\\\/fone.it\\\/wp-content\\\/litespeed\\\/avatar\\\/ad38570a0811ac82ca62e8b32edbab7b.jpg?ver=1788356979\",\"contentUrl\":\"https:\\\/\\\/fone.it\\\/wp-content\\\/litespeed\\\/avatar\\\/ad38570a0811ac82ca62e8b32edbab7b.jpg?ver=1788356979\",\"caption\":\"giuliocesare.ricci\"},\"url\":\"https:\\\/\\\/fone.it\\\/en\\\/author\\\/giuliocesare-ricci\\\/\"}]}<\/script>\n<!-- \/ Yoast SEO plugin. -->","yoast_head_json":{"title":"&#x2728; Gran Gal\u00e0 dell\u2019Alta Fedelt\u00e0 di Milano 2026 | fon\u00e8 records","robots":{"index":"index","follow":"follow","max-snippet":"max-snippet:-1","max-image-preview":"max-image-preview:large","max-video-preview":"max-video-preview:-1"},"canonical":"https:\/\/fone.it\/en\/gran-gala-dellalta-fedelta-di-milano-2026\/","og_locale":"en_US","og_type":"article","og_title":"&#x2728; Gran Gal\u00e0 dell\u2019Alta Fedelt\u00e0 di Milano 2026 | fon\u00e8 records","og_description":"&#x1f4cd; Quark Hotel &#8211; Milano &#x1f4c5; \u00a03-4 Ottobre 2026 Il Gran Gal\u00e0 dell\u2019Alta Fedelt\u00e0 di Milano 2026 sar\u00e0 dedicato al Maestro Salvatore Accardo, un omaggio ad una \u201cleggenda\u201c del violino.&hellip;","og_url":"https:\/\/fone.it\/en\/gran-gala-dellalta-fedelta-di-milano-2026\/","og_site_name":"fon\u00e8 records","article_publisher":"https:\/\/www.facebook.com\/fonerecordsofficial","article_published_time":"2026-07-01T15:48:37+00:00","article_modified_time":"2026-08-04T14:19:28+00:00","og_image":[{"width":1280,"height":904,"url":"https:\/\/fone.it\/wp-content\/uploads\/2026\/07\/MILANO-gran-gala-2026.jpg","type":"image\/jpeg"}],"author":"giuliocesare.ricci","twitter_card":"summary_large_image","twitter_misc":{"Written by":"giuliocesare.ricci","Est. reading time":"2 minutes"},"schema":{"@context":"https:\/\/schema.org","@graph":[{"@type":"Article","@id":"https:\/\/fone.it\/en\/gran-gala-dellalta-fedelta-di-milano-2026\/#article","isPartOf":{"@id":"https:\/\/fone.it\/en\/gran-gala-dellalta-fedelta-di-milano-2026\/"},"author":{"name":"giuliocesare.ricci","@id":"https:\/\/fone.it\/en\/#\/schema\/person\/f4c96b19ff62e0ad1eb83bf434c99b20"},"headline":"&#x2728; Gran Gal\u00e0 dell\u2019Alta Fedelt\u00e0 di Milano 2026","datePublished":"2026-07-01T15:48:37+00:00","dateModified":"2026-08-04T14:19:28+00:00","mainEntityOfPage":{"@id":"https:\/\/fone.it\/en\/gran-gala-dellalta-fedelta-di-milano-2026\/"},"wordCount":254,"publisher":{"@id":"https:\/\/fone.it\/en\/#organization"},"image":{"@id":"https:\/\/fone.it\/en\/gran-gala-dellalta-fedelta-di-milano-2026\/#primaryimage"},"thumbnailUrl":"https:\/\/fone.it\/wp-content\/uploads\/2026\/07\/MILANO-gran-gala-2026.jpg","keywords":["alta fedelt\u00e0","gran gal\u00e0 milano","Hifi"],"articleSection":["Gran Gal\u00e0","in evidenza"],"inLanguage":"en-US"},{"@type":"WebPage","@id":"https:\/\/fone.it\/en\/gran-gala-dellalta-fedelta-di-milano-2026\/","url":"https:\/\/fone.it\/en\/gran-gala-dellalta-fedelta-di-milano-2026\/","name":"&#x2728; Gran Gal\u00e0 dell\u2019Alta Fedelt\u00e0 di Milano 2026 | fon\u00e8 records","isPartOf":{"@id":"https:\/\/fone.it\/en\/#website"},"primaryImageOfPage":{"@id":"https:\/\/fone.it\/en\/gran-gala-dellalta-fedelta-di-milano-2026\/#primaryimage"},"image":{"@id":"https:\/\/fone.it\/en\/gran-gala-dellalta-fedelta-di-milano-2026\/#primaryimage"},"thumbnailUrl":"https:\/\/fone.it\/wp-content\/uploads\/2026\/07\/MILANO-gran-gala-2026.jpg","datePublished":"2026-07-01T15:48:37+00:00","dateModified":"2026-08-04T14:19:28+00:00","breadcrumb":{"@id":"https:\/\/fone.it\/en\/gran-gala-dellalta-fedelta-di-milano-2026\/#breadcrumb"},"inLanguage":"en-US","potentialAction":[{"@type":"ReadAction","target":["https:\/\/fone.it\/en\/gran-gala-dellalta-fedelta-di-milano-2026\/"]}]},{"@type":"ImageObject","inLanguage":"en-US","@id":"https:\/\/fone.it\/en\/gran-gala-dellalta-fedelta-di-milano-2026\/#primaryimage","url":"https:\/\/fone.it\/wp-content\/uploads\/2026\/07\/MILANO-gran-gala-2026.jpg","contentUrl":"https:\/\/fone.it\/wp-content\/uploads\/2026\/07\/MILANO-gran-gala-2026.jpg","width":1280,"height":904,"caption":"Gran Gal\u00e0 dell'Alta Fedelt\u00e0 di Milano 2026"},{"@type":"BreadcrumbList","@id":"https:\/\/fone.it\/en\/gran-gala-dellalta-fedelta-di-milano-2026\/#breadcrumb","itemListElement":[{"@type":"ListItem","position":1,"name":"Home","item":"https:\/\/fone.it\/en\/"},{"@type":"ListItem","position":2,"name":"&#x2728; Gran Gal\u00e0 dell\u2019Alta Fedelt\u00e0 di Milano 2026"}]},{"@type":"WebSite","@id":"https:\/\/fone.it\/en\/#website","url":"https:\/\/fone.it\/en\/","name":"fone.it","description":"Natural Sound Recordings, da 40 anni in Alta fedelt\u00e0","publisher":{"@id":"https:\/\/fone.it\/en\/#organization"},"potentialAction":[{"@type":"SearchAction","target":{"@type":"EntryPoint","urlTemplate":"https:\/\/fone.it\/en\/?s={search_term_string}"},"query-input":{"@type":"PropertyValueSpecification","valueRequired":true,"valueName":"search_term_string"}}],"inLanguage":"en-US"},{"@type":"Organization","@id":"https:\/\/fone.it\/en\/#organization","name":"fone.it","url":"https:\/\/fone.it\/en\/","logo":{"@type":"ImageObject","inLanguage":"en-US","@id":"https:\/\/fone.it\/en\/#\/schema\/logo\/image\/","url":"https:\/\/fone.it\/wp-content\/uploads\/2016\/01\/logo-fone.jpg","contentUrl":"https:\/\/fone.it\/wp-content\/uploads\/2016\/01\/logo-fone.jpg","width":163,"height":65,"caption":"fone.it"},"image":{"@id":"https:\/\/fone.it\/en\/#\/schema\/logo\/image\/"},"sameAs":["https:\/\/www.facebook.com\/fonerecordsofficial","https:\/\/www.instagram.com\/fonerecordsofficial\/"]},{"@type":"Person","@id":"https:\/\/fone.it\/en\/#\/schema\/person\/f4c96b19ff62e0ad1eb83bf434c99b20","name":"giuliocesare.ricci","image":{"@type":"ImageObject","inLanguage":"en-US","@id":"https:\/\/fone.it\/wp-content\/litespeed\/avatar\/ad38570a0811ac82ca62e8b32edbab7b.jpg?ver=1788356979","url":"https:\/\/fone.it\/wp-content\/litespeed\/avatar\/ad38570a0811ac82ca62e8b32edbab7b.jpg?ver=1788356979","contentUrl":"https:\/\/fone.it\/wp-content\/litespeed\/avatar\/ad38570a0811ac82ca62e8b32edbab7b.jpg?ver=1788356979","caption":"giuliocesare.ricci"},"url":"https:\/\/fone.it\/en\/author\/giuliocesare-ricci\/"}]}},"_links":{"self":[{"href":"https:\/\/fone.it\/en\/wp-json\/wp\/v2\/posts\/10867","targetHints":{"allow":["GET"]}}],"collection":[{"href":"https:\/\/fone.it\/en\/wp-json\/wp\/v2\/posts"}],"about":[{"href":"https:\/\/fone.it\/en\/wp-json\/wp\/v2\/types\/post"}],"author":[{"embeddable":true,"href":"https:\/\/fone.it\/en\/wp-json\/wp\/v2\/users\/1"}],"replies":[{"embeddable":true,"href":"https:\/\/fone.it\/en\/wp-json\/wp\/v2\/comments?post=10867"}],"version-history":[{"count":4,"href":"https:\/\/fone.it\/en\/wp-json\/wp\/v2\/posts\/10867\/revisions"}],"predecessor-version":[{"id":10879,"href":"https:\/\/fone.it\/en\/wp-json\/wp\/v2\/posts\/10867\/revisions\/10879"}],"wp:featuredmedia":[{"embeddable":true,"href":"https:\/\/fone.it\/en\/wp-json\/wp\/v2\/media\/11014"}],"wp:attachment":[{"href":"https:\/\/fone.it\/en\/wp-json\/wp\/v2\/media?parent=10867"}],"wp:term":[{"taxonomy":"category","embeddable":true,"href":"https:\/\/fone.it\/en\/wp-json\/wp\/v2\/categories?post=10867"},{"taxonomy":"post_tag","embeddable":true,"href":"https:\/\/fone.it\/en\/wp-json\/wp\/v2\/tags?post=10867"}],"curies":[{"name":"wp","href":"https:\/\/api.w.org\/{rel}","templated":true}]}}